{"id":910771,"date":"2023-12-13T20:46:02","date_gmt":"2023-12-13T18:46:02","guid":{"rendered":"https:\/\/www.caraa.fr\/?p=910771"},"modified":"2023-12-13T20:46:02","modified_gmt":"2023-12-13T18:46:02","slug":"corpus-materiel-de-le-corbusier-2","status":"publish","type":"post","link":"https:\/\/www.caraa.fr\/en\/corpus-materiel-de-le-corbusier-2\/","title":{"rendered":"Corpus mat\u00e9riel de Le CORBUSIER"},"content":{"rendered":"<div class=\"wpb-content-wrapper\"><p>[vc_row][vc_column][vc_column_text] CARAA has initiated a new research project with the<a href=\"https:\/\/www.fondationlecorbusier.fr\/\" target=\"_blank\" rel=\"noopener\"><em> Corbusier Foundation<\/em><\/a>. This project focuses on the physico-chemical analysis of materials used by Le Corbusier (Charles-\u00c9douard Jeanneret).<\/p>\n<p>The study covers the architectural paintings of several works in France and Switzerland, furniture, paintings on canvas and sculptures, as well as the materials found in his workshop (paints, brushes, palettes, buckets, wallpaper etc..).<\/p>\n<p>The techniques used include light and electron microscopic examinations and analyses by <a href=\"https:\/\/www.caraa.fr\/en\/expertise\/material-characterization\/\" target=\"_blank\" rel=\"noopener\">XRF<\/a>, <a href=\"https:\/\/www.caraa.fr\/en\/expertise\/material-characterization\/\" target=\"_blank\" rel=\"noopener\">SEM-EDS<\/a>, <a href=\"https:\/\/www.caraa.fr\/en\/expertise\/material-characterization\/\" target=\"_blank\" rel=\"noopener\">Raman <\/a>et <a href=\"https:\/\/www.caraa.fr\/en\/expertise\/material-characterization\/\" target=\"_blank\" rel=\"noopener\">FTIR<\/a>.<\/p>\n<p>This study complements numerous analyzes already carried out for more than 10 years and will be published at the end of the project. We already find the case study of the restoration of the apartment in the Molitor building (2014-2108) in a chapter of the <a href=\"https:\/\/books.rsc.org\/books\/edited-volume\/1748\/chapter-abstract\/2318452\/Dyes-and-Pigments?redirectedFrom=fulltext\" target=\"_blank\" rel=\"noopener\"><em>Royal Society of Chemistry<\/em> <\/a>dedicated to pigments and dyes.<\/p>\n<p><a href=\"https:\/\/www.youtube.com\/watch?v=ldBCotxOtY8\" target=\"_blank\" rel=\"noopener\">In video, the restioration of the appartment <\/a>from 24 rue Nungesser-et-Coli in Paris (extract below).[\/vc_column_text]<style type=\"text\/css\" data-type=\"the7_shortcodes-inline-css\">.gallery-carousel-shortcode.gallery-carousel-shortcode-id-ffc8ff52489dc2dcdefc0d62ad1c506c.owl-carousel .owl-nav div {\n  width: 36px;\n  height: 36px;\n  border-radius: 500px;\n}\n.dt-arrow-border-on.gallery-carousel-shortcode.gallery-carousel-shortcode-id-ffc8ff52489dc2dcdefc0d62ad1c506c.owl-carousel .owl-nav div:not(:hover):before {\n  border-width: 0px;\n}\n.dt-arrow-hover-border-on.gallery-carousel-shortcode.gallery-carousel-shortcode-id-ffc8ff52489dc2dcdefc0d62ad1c506c.owl-carousel .owl-nav div:hover:after {\n  border-width: 0px;\n}\n.gallery-carousel-shortcode.gallery-carousel-shortcode-id-ffc8ff52489dc2dcdefc0d62ad1c506c.owl-carousel .owl-nav div.owl-prev {\n  top: 50%;\n  transform: translateY(calc(-50% + 0px));\n  left: -43px;\n}\n@media all and (-ms-high-contrast: none) {\n  .gallery-carousel-shortcode.gallery-carousel-shortcode-id-ffc8ff52489dc2dcdefc0d62ad1c506c.owl-carousel .owl-nav div.owl-prev {\n    transform: translateY(-50%);\n    margin-top: 0px;\n  }\n}\n.gallery-carousel-shortcode.gallery-carousel-shortcode-id-ffc8ff52489dc2dcdefc0d62ad1c506c.owl-carousel .owl-nav div.owl-prev i {\n  padding: 0px 0px 0px 0px;\n}\n.gallery-carousel-shortcode.gallery-carousel-shortcode-id-ffc8ff52489dc2dcdefc0d62ad1c506c.owl-carousel .owl-nav div.owl-next {\n  top: 50%;\n  transform: translateY(calc(-50% + 0px));\n  right: -43px;\n}\n@media all and (-ms-high-contrast: none) {\n  .gallery-carousel-shortcode.gallery-carousel-shortcode-id-ffc8ff52489dc2dcdefc0d62ad1c506c.owl-carousel .owl-nav div.owl-next {\n    transform: translateY(-50%);\n    margin-top: 0px;\n  }\n}\n.gallery-carousel-shortcode.gallery-carousel-shortcode-id-ffc8ff52489dc2dcdefc0d62ad1c506c.owl-carousel .owl-nav div.owl-next i {\n  padding: 0px 0px 0px 0px;\n}\n.gallery-carousel-shortcode.gallery-carousel-shortcode-id-ffc8ff52489dc2dcdefc0d62ad1c506c.owl-carousel .owl-nav i {\n  font-size: 18px;\n}\n.gallery-carousel-shortcode.gallery-carousel-shortcode-id-ffc8ff52489dc2dcdefc0d62ad1c506c.owl-carousel .owl-nav div:not(:hover) i,\n.gallery-carousel-shortcode.gallery-carousel-shortcode-id-ffc8ff52489dc2dcdefc0d62ad1c506c.owl-carousel .owl-nav div:not(:hover) i:before {\n  color: #ffffff;\n  background: none;\n}\n.gallery-carousel-shortcode.gallery-carousel-shortcode-id-ffc8ff52489dc2dcdefc0d62ad1c506c.owl-carousel .owl-nav div:hover i,\n.gallery-carousel-shortcode.gallery-carousel-shortcode-id-ffc8ff52489dc2dcdefc0d62ad1c506c.owl-carousel .owl-nav div:hover i:before {\n  color: rgba(255,255,255,0.75);\n  background: none;\n}\n.gallery-carousel-shortcode.gallery-carousel-shortcode-id-ffc8ff52489dc2dcdefc0d62ad1c506c .owl-dots {\n  top: calc(100% + 20px);\n  left: 50%;\n  transform: translateX(calc(-50% + 0px));\n}\n@media all and (-ms-high-contrast: none) {\n  .gallery-carousel-shortcode.gallery-carousel-shortcode-id-ffc8ff52489dc2dcdefc0d62ad1c506c .owl-dots {\n    transform: translateX(-50%);\n    margin-left: 0px;\n  }\n}\n.gallery-carousel-shortcode.gallery-carousel-shortcode-id-ffc8ff52489dc2dcdefc0d62ad1c506c .owl-dot {\n  width: 10px;\n  height: 10px;\n  margin: 0 8px;\n}\n@media screen and (max-width: 778px) {\n  .gallery-carousel-shortcode.gallery-carousel-shortcode-id-ffc8ff52489dc2dcdefc0d62ad1c506c.hide-arrows .owl-nav a {\n    display: none;\n  }\n}\n@media screen and (max-width: 778px) {\n  .gallery-carousel-shortcode.gallery-carousel-shortcode-id-ffc8ff52489dc2dcdefc0d62ad1c506c.reposition-arrows .owl-nav .owl-prev {\n    top: 50%;\n    transform: translateY(calc(-50% + 0px));\n    left: 10px;\n  }\n  .gallery-carousel-shortcode.gallery-carousel-shortcode-id-ffc8ff52489dc2dcdefc0d62ad1c506c.reposition-arrows .owl-nav .owl-next {\n    top: 50%;\n    transform: translateY(calc(-50% + 0px));\n    right: 10px;\n  }\n}\n@media screen and (max-width: 778px) and all and (-ms-high-contrast: none) {\n  .gallery-carousel-shortcode.gallery-carousel-shortcode-id-ffc8ff52489dc2dcdefc0d62ad1c506c.reposition-arrows .owl-nav .owl-prev {\n    transform: translateY(-50%);\n    margin-top: 0px;\n  }\n}\n@media screen and (max-width: 778px) and all and (-ms-high-contrast: none) {\n  .gallery-carousel-shortcode.gallery-carousel-shortcode-id-ffc8ff52489dc2dcdefc0d62ad1c506c.reposition-arrows .owl-nav .owl-next {\n    transform: translateY(-50%);\n    margin-top: 0px;\n  }\n}\n.gallery-carousel-shortcode.gallery-carousel-shortcode-id-ffc8ff52489dc2dcdefc0d62ad1c506c figure,\n.gallery-carousel-shortcode.gallery-carousel-shortcode-id-ffc8ff52489dc2dcdefc0d62ad1c506c .rollover,\n.gallery-carousel-shortcode.gallery-carousel-shortcode-id-ffc8ff52489dc2dcdefc0d62ad1c506c img,\n.gallery-carousel-shortcode.gallery-carousel-shortcode-id-ffc8ff52489dc2dcdefc0d62ad1c506c .gallery-rollover {\n  border-radius: 0px;\n}\n.gallery-carousel-shortcode.gallery-carousel-shortcode-id-ffc8ff52489dc2dcdefc0d62ad1c506c.enable-bg-rollover .gallery-rollover {\n  background: -webkit-linear-gradient();\n  background: linear-gradient();\n}\n.gallery-carousel-shortcode.gallery-carousel-shortcode-id-ffc8ff52489dc2dcdefc0d62ad1c506c.enable-img-shadow .owl-stage-outer {\n  padding: 14px 0;\n}\n.gallery-carousel-shortcode.gallery-carousel-shortcode-id-ffc8ff52489dc2dcdefc0d62ad1c506c.enable-bg-rollover.hover-scale figure .rollover:after {\n  background: -webkit-linear-gradient();\n  background: linear-gradient();\n}\n.gallery-carousel-shortcode.gallery-carousel-shortcode-id-ffc8ff52489dc2dcdefc0d62ad1c506c.gallery-shortcode .gallery-zoom-ico {\n  width: 44px;\n  height: 44px;\n  line-height: 44px;\n  border-radius: 100px;\n  margin: -22px 0 0 -22px;\n  border-width: 0px;\n}\n.dt-icon-bg-on.gallery-carousel-shortcode.gallery-carousel-shortcode-id-ffc8ff52489dc2dcdefc0d62ad1c506c.gallery-shortcode .gallery-zoom-ico {\n  background: rgba(255,255,255,0.3);\n  box-shadow: none;\n}\n.gallery-carousel-shortcode.gallery-carousel-shortcode-id-ffc8ff52489dc2dcdefc0d62ad1c506c.gallery-shortcode .gallery-zoom-ico:before,\n.gallery-carousel-shortcode.gallery-carousel-shortcode-id-ffc8ff52489dc2dcdefc0d62ad1c506c.gallery-shortcode .gallery-zoom-ico span {\n  font-size: 32px;\n  line-height: 44px;\n  color: #ffffff;\n  background: none;\n}<\/style><div class=\"owl-carousel gallery-carousel-shortcode gallery-shortcode  dt-gallery-container dt-owl-carousel-call gallery-carousel-shortcode-id-ffc8ff52489dc2dcdefc0d62ad1c506c quick-scale-img enable-bg-rollover meta-info-off dt-arrow-border-on dt-arrow-hover-border-on bullets-small-dot-stroke reposition-arrows dt-icon-bg-off arrows-bg-on disable-arrows-hover-bg arrows-hover-bg-on  hover-fade \" data-scroll-mode=\"1\" data-col-num=\"1\" data-wide-col-num=\"1\" data-laptop-col=\"1\" data-h-tablet-columns-num=\"1\" data-v-tablet-columns-num=\"1\" data-phone-columns-num=\"1\" data-col-gap=\"10\" data-stage-padding=\"0\" data-speed=\"600\" data-autoplay=\"false\" data-autoplay_speed=\"6000\" data-arrows=\"true\" data-bullet=\"false\" data-next-icon=\"icon-ar-017-r\" data-prev-icon=\"icon-ar-017-l\" data-img-shadow-size=\"12px\" data-img-shadow-spread=\"3px\"><div data-post-id=\"910720\" data-date=\"2023-12-08T09:59:11+02:00\" data-name=\"One of Le Corbusier&#039;s palettes during sampling, FLC\"><figure class=\"post\"><a href=\"https:\/\/www.caraa.fr\/wp-content\/uploads\/2023\/12\/nggallery_import\/IMG_3507-scaled.jpg\" class=\"rollover dt-pswp-item layzr-bg\" data-large_image_width=\"1920\" data-large_image_height=\"2560\" data-dt-img-description=\"\" title=\"One of Le Corbusier&#8217;s palettes during sampling, FLC\"><img fetchpriority=\"high\" decoding=\"async\" class=\"preload-me owl-lazy-load aspect\" src=\"data:image\/svg+xml,%3Csvg%20xmlns%3D&#39;http%3A%2F%2Fwww.w3.org%2F2000%2Fsvg&#39;%20viewBox%3D&#39;0%200%201920%20960&#39;%2F%3E\" data-src=\"https:\/\/www.caraa.fr\/wp-content\/uploads\/2023\/12\/nggallery_import\/IMG_3507-scaled-1920x960.jpg\" data-srcset=\"https:\/\/www.caraa.fr\/wp-content\/uploads\/2023\/12\/nggallery_import\/IMG_3507-scaled-1920x960.jpg 1920w\" loading=\"eager\" style=\"--ratio: 1920 \/ 960\" sizes=\"(max-width: 1920px) 100vw, 1920px\" alt=\"\" width=\"1920\" height=\"960\"  \/><span class=\"gallery-rollover\"><span class=\"gallery-zoom-ico icomoon-the7-font-the7-zoom-06\"><span><\/span><\/span><\/span><\/a><\/figure><\/div><div data-post-id=\"910743\" data-date=\"2023-12-13T18:30:16+02:00\" data-name=\"Some materials used by Le Corbusier, FLC\"><figure class=\"post\"><a href=\"https:\/\/www.caraa.fr\/wp-content\/uploads\/2023\/12\/IMG_6498-scaled.jpg\" class=\"rollover dt-pswp-item layzr-bg\" data-large_image_width=\"2560\" data-large_image_height=\"1920\" data-dt-img-description=\"\" title=\"Some materials used by Le Corbusier, FLC\"><img decoding=\"async\" class=\"preload-me owl-lazy-load aspect\" src=\"data:image\/svg+xml,%3Csvg%20xmlns%3D&#39;http%3A%2F%2Fwww.w3.org%2F2000%2Fsvg&#39;%20viewBox%3D&#39;0%200%202560%201280&#39;%2F%3E\" data-src=\"https:\/\/www.caraa.fr\/wp-content\/uploads\/2023\/12\/IMG_6498-scaled-2560x1280.jpg\" data-srcset=\"https:\/\/www.caraa.fr\/wp-content\/uploads\/2023\/12\/IMG_6498-scaled-2560x1280.jpg 2560w\" loading=\"eager\" style=\"--ratio: 2560 \/ 1280\" sizes=\"(max-width: 2560px) 100vw, 2560px\" alt=\"\" width=\"2560\" height=\"1280\"  \/><span class=\"gallery-rollover\"><span class=\"gallery-zoom-ico icomoon-the7-font-the7-zoom-06\"><span><\/span><\/span><\/span><\/a><\/figure><\/div><div data-post-id=\"910745\" data-date=\"2023-12-13T18:31:14+02:00\" data-name=\"Cross section under UV light of wood painting in the apartment at 24 rue Nungesser &amp; Coli, 75016, Paris\"><figure class=\"post\"><a href=\"https:\/\/www.caraa.fr\/wp-content\/uploads\/2023\/12\/IMG_8207.jpg\" class=\"rollover dt-pswp-item layzr-bg\" data-large_image_width=\"2048\" data-large_image_height=\"1536\" data-dt-img-description=\"\" title=\"Cross section under UV light of wood painting in the apartment at 24 rue Nungesser &#038; Coli, 75016, Paris\"><img decoding=\"async\" class=\"preload-me owl-lazy-load aspect\" src=\"data:image\/svg+xml,%3Csvg%20xmlns%3D&#39;http%3A%2F%2Fwww.w3.org%2F2000%2Fsvg&#39;%20viewBox%3D&#39;0%200%202048%201024&#39;%2F%3E\" data-src=\"https:\/\/www.caraa.fr\/wp-content\/uploads\/2023\/12\/IMG_8207-2048x1024.jpg\" data-srcset=\"https:\/\/www.caraa.fr\/wp-content\/uploads\/2023\/12\/IMG_8207-2048x1024.jpg 2048w\" loading=\"eager\" style=\"--ratio: 2048 \/ 1024\" sizes=\"(max-width: 2048px) 100vw, 2048px\" alt=\"\" width=\"2048\" height=\"1024\"  \/><span class=\"gallery-rollover\"><span class=\"gallery-zoom-ico icomoon-the7-font-the7-zoom-06\"><span><\/span><\/span><\/span><\/a><\/figure><\/div><div data-post-id=\"910749\" data-date=\"2023-12-13T18:32:09+02:00\" data-name=\"Cross section under visible light of wood painting in the apartment at 24 rue Nungesser &amp; Coli, 75016, Paris\"><figure class=\"post\"><a href=\"https:\/\/www.caraa.fr\/wp-content\/uploads\/2023\/12\/IMG_8208.jpg\" class=\"rollover dt-pswp-item layzr-bg\" data-large_image_width=\"2048\" data-large_image_height=\"1536\" data-dt-img-description=\"\" title=\"Cross section under visible light of wood painting in the apartment at 24 rue Nungesser &#038; Coli, 75016, Paris\"><img decoding=\"async\" class=\"preload-me owl-lazy-load aspect\" src=\"data:image\/svg+xml,%3Csvg%20xmlns%3D&#39;http%3A%2F%2Fwww.w3.org%2F2000%2Fsvg&#39;%20viewBox%3D&#39;0%200%202048%201024&#39;%2F%3E\" data-src=\"https:\/\/www.caraa.fr\/wp-content\/uploads\/2023\/12\/IMG_8208-2048x1024.jpg\" data-srcset=\"https:\/\/www.caraa.fr\/wp-content\/uploads\/2023\/12\/IMG_8208-2048x1024.jpg 2048w\" loading=\"eager\" style=\"--ratio: 2048 \/ 1024\" sizes=\"(max-width: 2048px) 100vw, 2048px\" alt=\"\" width=\"2048\" height=\"1024\"  \/><span class=\"gallery-rollover\"><span class=\"gallery-zoom-ico icomoon-the7-font-the7-zoom-06\"><span><\/span><\/span><\/span><\/a><\/figure><\/div><div data-post-id=\"910751\" data-date=\"2023-12-13T18:32:47+02:00\" data-name=\"Corbusier&#039;s apartment at 24 rue Nungesser et Coli, 75016, Paris Ph. OMG\/FLC\/ADAGP.\"><figure class=\"post\"><a href=\"https:\/\/www.caraa.fr\/wp-content\/uploads\/2023\/12\/Fig-10a-scaled.jpg\" class=\"rollover dt-pswp-item layzr-bg\" data-large_image_width=\"2560\" data-large_image_height=\"1673\" data-dt-img-description=\"\" title=\"Corbusier&#8217;s apartment at 24 rue Nungesser et Coli, 75016, Paris Ph. OMG\/FLC\/ADAGP.\"><img decoding=\"async\" class=\"preload-me owl-lazy-load aspect\" src=\"data:image\/svg+xml,%3Csvg%20xmlns%3D&#39;http%3A%2F%2Fwww.w3.org%2F2000%2Fsvg&#39;%20viewBox%3D&#39;0%200%202560%201280&#39;%2F%3E\" data-src=\"https:\/\/www.caraa.fr\/wp-content\/uploads\/2023\/12\/Fig-10a-scaled-2560x1280.jpg\" data-srcset=\"https:\/\/www.caraa.fr\/wp-content\/uploads\/2023\/12\/Fig-10a-scaled-2560x1280.jpg 2560w\" loading=\"eager\" style=\"--ratio: 2560 \/ 1280\" sizes=\"(max-width: 2560px) 100vw, 2560px\" alt=\"\" width=\"2560\" height=\"1280\"  \/><span class=\"gallery-rollover\"><span class=\"gallery-zoom-ico icomoon-the7-font-the7-zoom-06\"><span><\/span><\/span><\/span><\/a><\/figure><\/div><div data-post-id=\"910754\" data-date=\"2023-12-13T18:34:25+02:00\" data-name=\"Corbusier&#039;s workshop at 24 rue Nungesser et Coli, 75016, Paris. Ph. OMG\/FLC\/ADAGP.\"><figure class=\"post\"><a href=\"https:\/\/www.caraa.fr\/wp-content\/uploads\/2023\/12\/Fig-10b-scaled.jpg\" class=\"rollover dt-pswp-item layzr-bg\" data-large_image_width=\"2560\" data-large_image_height=\"1719\" data-dt-img-description=\"\" title=\"Corbusier&#8217;s workshop at 24 rue Nungesser et Coli, 75016, Paris. Ph. OMG\/FLC\/ADAGP.\"><img decoding=\"async\" class=\"preload-me owl-lazy-load aspect\" src=\"data:image\/svg+xml,%3Csvg%20xmlns%3D&#39;http%3A%2F%2Fwww.w3.org%2F2000%2Fsvg&#39;%20viewBox%3D&#39;0%200%202560%201280&#39;%2F%3E\" data-src=\"https:\/\/www.caraa.fr\/wp-content\/uploads\/2023\/12\/Fig-10b-scaled-2560x1280.jpg\" data-srcset=\"https:\/\/www.caraa.fr\/wp-content\/uploads\/2023\/12\/Fig-10b-scaled-2560x1280.jpg 2560w\" loading=\"eager\" style=\"--ratio: 2560 \/ 1280\" sizes=\"(max-width: 2560px) 100vw, 2560px\" alt=\"\" width=\"2560\" height=\"1280\"  \/><span class=\"gallery-rollover\"><span class=\"gallery-zoom-ico icomoon-the7-font-the7-zoom-06\"><span><\/span><\/span><\/span><\/a><\/figure><\/div><div data-post-id=\"910756\" data-date=\"2023-12-13T18:34:52+02:00\" data-name=\"Fauteuil grand confort par Le Corbusier, Charlotte Perriand, Pierre Jeanneret, 1928 (c) Ph. MNAM\"><figure class=\"post\"><a href=\"https:\/\/www.caraa.fr\/wp-content\/uploads\/2023\/12\/Fauteil-grand-confort-MNAM.png\" class=\"rollover dt-pswp-item layzr-bg\" data-large_image_width=\"640\" data-large_image_height=\"525\" data-dt-img-description=\"\" title=\"Fauteuil grand confort par Le Corbusier, Charlotte Perriand, Pierre Jeanneret, 1928 (c) Ph. MNAM\"><img decoding=\"async\" class=\"preload-me owl-lazy-load aspect\" src=\"data:image\/svg+xml,%3Csvg%20xmlns%3D&#39;http%3A%2F%2Fwww.w3.org%2F2000%2Fsvg&#39;%20viewBox%3D&#39;0%200%20640%20320&#39;%2F%3E\" data-src=\"https:\/\/www.caraa.fr\/wp-content\/uploads\/2023\/12\/Fauteil-grand-confort-MNAM-640x320.png\" data-srcset=\"https:\/\/www.caraa.fr\/wp-content\/uploads\/2023\/12\/Fauteil-grand-confort-MNAM-640x320.png 640w\" loading=\"eager\" style=\"--ratio: 640 \/ 320\" sizes=\"(max-width: 640px) 100vw, 640px\" alt=\"\" width=\"640\" height=\"320\"  \/><span class=\"gallery-rollover\"><span class=\"gallery-zoom-ico icomoon-the7-font-the7-zoom-06\"><span><\/span><\/span><\/span><\/a><\/figure><\/div><div data-post-id=\"910758\" data-date=\"2023-12-13T18:35:13+02:00\" data-name=\"Cross section under UV light of wall painting in the apartment at 24 rue Nungesser &amp; Coli, 75016, Paris\"><figure class=\"post\"><a href=\"https:\/\/www.caraa.fr\/wp-content\/uploads\/2023\/12\/C7W3-6-reconst-mini-pr-Tw.jpg\" class=\"rollover dt-pswp-item layzr-bg\" data-large_image_width=\"1147\" data-large_image_height=\"879\" data-dt-img-description=\"\" title=\"Cross section under UV light of wall painting in the apartment at 24 rue Nungesser &#038; Coli, 75016, Paris\"><img decoding=\"async\" class=\"preload-me owl-lazy-load aspect\" src=\"data:image\/svg+xml,%3Csvg%20xmlns%3D&#39;http%3A%2F%2Fwww.w3.org%2F2000%2Fsvg&#39;%20viewBox%3D&#39;0%200%201146%20573&#39;%2F%3E\" data-src=\"https:\/\/www.caraa.fr\/wp-content\/uploads\/2023\/12\/C7W3-6-reconst-mini-pr-Tw-1146x573.jpg\" data-srcset=\"https:\/\/www.caraa.fr\/wp-content\/uploads\/2023\/12\/C7W3-6-reconst-mini-pr-Tw-1146x573.jpg 1146w, https:\/\/www.caraa.fr\/wp-content\/uploads\/2023\/12\/C7W3-6-reconst-mini-pr-Tw-1147x573.jpg 1147w\" loading=\"eager\" style=\"--ratio: 1146 \/ 573\" sizes=\"(max-width: 1146px) 100vw, 1146px\" alt=\"\" width=\"1146\" height=\"573\"  \/><span class=\"gallery-rollover\"><span class=\"gallery-zoom-ico icomoon-the7-font-the7-zoom-06\"><span><\/span><\/span><\/span><\/a><\/figure><\/div><div data-post-id=\"910760\" data-date=\"2023-12-13T18:36:11+02:00\" data-name=\"Cross section under visible light of wall painting in the apartment at 24 rue Nungesser &amp; Coli, 75016, Paris\"><figure class=\"post\"><a href=\"https:\/\/www.caraa.fr\/wp-content\/uploads\/2023\/12\/Fig-14a.jpg\" class=\"rollover dt-pswp-item layzr-bg\" data-large_image_width=\"2045\" data-large_image_height=\"1530\" data-dt-img-description=\"\" title=\"Cross section under visible light of wall painting in the apartment at 24 rue Nungesser &#038; Coli, 75016, Paris\"><img decoding=\"async\" class=\"preload-me owl-lazy-load aspect\" src=\"data:image\/svg+xml,%3Csvg%20xmlns%3D&#39;http%3A%2F%2Fwww.w3.org%2F2000%2Fsvg&#39;%20viewBox%3D&#39;0%200%202044%201022&#39;%2F%3E\" data-src=\"https:\/\/www.caraa.fr\/wp-content\/uploads\/2023\/12\/Fig-14a-2044x1022.jpg\" data-srcset=\"https:\/\/www.caraa.fr\/wp-content\/uploads\/2023\/12\/Fig-14a-2044x1022.jpg 2044w, https:\/\/www.caraa.fr\/wp-content\/uploads\/2023\/12\/Fig-14a-2045x1022.jpg 2045w\" loading=\"eager\" style=\"--ratio: 2044 \/ 1022\" sizes=\"(max-width: 2044px) 100vw, 2044px\" alt=\"\" width=\"2044\" height=\"1022\"  \/><span class=\"gallery-rollover\"><span class=\"gallery-zoom-ico icomoon-the7-font-the7-zoom-06\"><span><\/span><\/span><\/span><\/a><\/figure><\/div><div data-post-id=\"910762\" data-date=\"2023-12-13T18:37:02+02:00\" data-name=\"Samples from a work painted on canvas by Corbusier, FLC\"><figure class=\"post\"><a href=\"https:\/\/www.caraa.fr\/wp-content\/uploads\/2023\/12\/IMG_3568-scaled.jpg\" class=\"rollover dt-pswp-item layzr-bg\" data-large_image_width=\"2560\" data-large_image_height=\"1920\" data-dt-img-description=\"\" title=\"Samples from a work painted on canvas by Corbusier, FLC\"><img decoding=\"async\" class=\"preload-me owl-lazy-load aspect\" src=\"data:image\/svg+xml,%3Csvg%20xmlns%3D&#39;http%3A%2F%2Fwww.w3.org%2F2000%2Fsvg&#39;%20viewBox%3D&#39;0%200%202560%201280&#39;%2F%3E\" data-src=\"https:\/\/www.caraa.fr\/wp-content\/uploads\/2023\/12\/IMG_3568-scaled-2560x1280.jpg\" data-srcset=\"https:\/\/www.caraa.fr\/wp-content\/uploads\/2023\/12\/IMG_3568-scaled-2560x1280.jpg 2560w\" loading=\"eager\" style=\"--ratio: 2560 \/ 1280\" sizes=\"(max-width: 2560px) 100vw, 2560px\" alt=\"\" width=\"2560\" height=\"1280\"  \/><span class=\"gallery-rollover\"><span class=\"gallery-zoom-ico icomoon-the7-font-the7-zoom-06\"><span><\/span><\/span><\/span><\/a><\/figure><\/div><div data-post-id=\"910764\" data-date=\"2023-12-13T18:37:35+02:00\" data-name=\"Study carried out at the &quot;Radiant City&quot; by Le Corbusier, Nantes, France. With Arthema Rest.\"><figure class=\"post\"><a href=\"https:\/\/www.caraa.fr\/wp-content\/uploads\/2023\/12\/Snapseed-2-scaled.jpg\" class=\"rollover dt-pswp-item layzr-bg\" data-large_image_width=\"2560\" data-large_image_height=\"1920\" data-dt-img-description=\"\" title=\"Study carried out at the &#8220;Radiant City&#8221; by Le Corbusier, Nantes, France. With Arthema Rest.\"><img decoding=\"async\" class=\"preload-me owl-lazy-load aspect\" src=\"data:image\/svg+xml,%3Csvg%20xmlns%3D&#39;http%3A%2F%2Fwww.w3.org%2F2000%2Fsvg&#39;%20viewBox%3D&#39;0%200%202560%201280&#39;%2F%3E\" data-src=\"https:\/\/www.caraa.fr\/wp-content\/uploads\/2023\/12\/Snapseed-2-scaled-2560x1280.jpg\" data-srcset=\"https:\/\/www.caraa.fr\/wp-content\/uploads\/2023\/12\/Snapseed-2-scaled-2560x1280.jpg 2560w\" loading=\"eager\" style=\"--ratio: 2560 \/ 1280\" sizes=\"(max-width: 2560px) 100vw, 2560px\" alt=\"\" width=\"2560\" height=\"1280\"  \/><span class=\"gallery-rollover\"><span class=\"gallery-zoom-ico icomoon-the7-font-the7-zoom-06\"><span><\/span><\/span><\/span><\/a><\/figure><\/div><\/div>[vc_column_text]<\/p>\n<h6>CARAA \u00a9<\/h6>\n<p>[\/vc_column_text]<style type=\"text\/css\" data-type=\"the7_shortcodes-inline-css\">.gallery-shortcode.gallery-masonry-shortcode-id-570670ba881b528826c72e82d9418b88 figure,\n.gallery-shortcode.gallery-masonry-shortcode-id-570670ba881b528826c72e82d9418b88 .rollover,\n.gallery-shortcode.gallery-masonry-shortcode-id-570670ba881b528826c72e82d9418b88 img,\n.gallery-shortcode.gallery-masonry-shortcode-id-570670ba881b528826c72e82d9418b88 .gallery-rollover {\n  border-radius: 0px;\n}\n.gallery-shortcode.gallery-masonry-shortcode-id-570670ba881b528826c72e82d9418b88.enable-bg-rollover .gallery-rollover {\n  background: -webkit-linear-gradient();\n  background: linear-gradient();\n}\n.gallery-shortcode.gallery-masonry-shortcode-id-570670ba881b528826c72e82d9418b88.enable-bg-rollover.hover-scale figure .rollover:after {\n  background: -webkit-linear-gradient();\n  background: linear-gradient();\n}\n.gallery-shortcode.gallery-masonry-shortcode-id-570670ba881b528826c72e82d9418b88 .gallery-zoom-ico {\n  width: 44px;\n  height: 44px;\n  line-height: 44px;\n  border-radius: 100px;\n  margin: -22px 0 0 -22px;\n  border-width: 0px;\n  color: #ffffff;\n}\n.dt-icon-bg-on.gallery-shortcode.gallery-masonry-shortcode-id-570670ba881b528826c72e82d9418b88 .gallery-zoom-ico {\n  background: rgba(255,255,255,0.3);\n  box-shadow: none;\n}\n.gallery-shortcode.gallery-masonry-shortcode-id-570670ba881b528826c72e82d9418b88 .gallery-zoom-ico:before,\n.gallery-shortcode.gallery-masonry-shortcode-id-570670ba881b528826c72e82d9418b88 .gallery-zoom-ico span {\n  font-size: 32px;\n  line-height: 44px;\n  color: #ffffff;\n}\n.gallery-shortcode.gallery-masonry-shortcode-id-570670ba881b528826c72e82d9418b88:not(.resize-by-browser-width) .dt-css-grid {\n  grid-row-gap: 10px;\n  grid-column-gap: 10px;\n  grid-template-columns: repeat(auto-fill,minmax(,1fr));\n}\n.gallery-shortcode.gallery-masonry-shortcode-id-570670ba881b528826c72e82d9418b88:not(.resize-by-browser-width) .dt-css-grid .double-width {\n  grid-column: span 2;\n}\n.cssgridlegacy.no-cssgrid .gallery-shortcode.gallery-masonry-shortcode-id-570670ba881b528826c72e82d9418b88:not(.resize-by-browser-width) .dt-css-grid,\n.no-cssgridlegacy.no-cssgrid .gallery-shortcode.gallery-masonry-shortcode-id-570670ba881b528826c72e82d9418b88:not(.resize-by-browser-width) .dt-css-grid {\n  display: flex;\n  flex-flow: row wrap;\n  margin: -5px;\n}\n.cssgridlegacy.no-cssgrid .gallery-shortcode.gallery-masonry-shortcode-id-570670ba881b528826c72e82d9418b88:not(.resize-by-browser-width) .dt-css-grid .wf-cell,\n.no-cssgridlegacy.no-cssgrid .gallery-shortcode.gallery-masonry-shortcode-id-570670ba881b528826c72e82d9418b88:not(.resize-by-browser-width) .dt-css-grid .wf-cell {\n  flex: 1 0 ;\n  max-width: 100%;\n  padding: 5px;\n  box-sizing: border-box;\n}\n.gallery-shortcode.gallery-masonry-shortcode-id-570670ba881b528826c72e82d9418b88.resize-by-browser-width .dt-css-grid {\n  grid-template-columns: repeat(6,1fr);\n  grid-template-rows: auto;\n  grid-column-gap: 10px;\n  grid-row-gap: 10px;\n}\n.gallery-shortcode.gallery-masonry-shortcode-id-570670ba881b528826c72e82d9418b88.resize-by-browser-width .dt-css-grid .double-width {\n  grid-column: span 2;\n}\n.cssgridlegacy.no-cssgrid .gallery-shortcode.gallery-masonry-shortcode-id-570670ba881b528826c72e82d9418b88.resize-by-browser-width .dt-css-grid {\n  margin: -5px;\n}\n.cssgridlegacy.no-cssgrid .gallery-shortcode.gallery-masonry-shortcode-id-570670ba881b528826c72e82d9418b88.resize-by-browser-width .dt-css-grid .wf-cell {\n  width: 16.666666666667%;\n  padding: 5px;\n}\n.cssgridlegacy.no-cssgrid .gallery-shortcode.gallery-masonry-shortcode-id-570670ba881b528826c72e82d9418b88.resize-by-browser-width .dt-css-grid .wf-cell.double-width {\n  width: calc(16.666666666667%) * 2;\n}\n.gallery-shortcode.gallery-masonry-shortcode-id-570670ba881b528826c72e82d9418b88.resize-by-browser-width:not(.centered-layout-list):not(.content-bg-on) .dt-css-grid {\n  grid-row-gap: 10px - ;\n}\n@media screen and (max-width: 1199px) {\n  .gallery-shortcode.gallery-masonry-shortcode-id-570670ba881b528826c72e82d9418b88.resize-by-browser-width .dt-css-grid {\n    grid-template-columns: repeat(4,1fr);\n  }\n  .cssgridlegacy.no-cssgrid .gallery-shortcode.gallery-masonry-shortcode-id-570670ba881b528826c72e82d9418b88.resize-by-browser-width .dt-css-grid .wf-cell,\n  .no-cssgridlegacy.no-cssgrid .gallery-shortcode.gallery-masonry-shortcode-id-570670ba881b528826c72e82d9418b88.resize-by-browser-width .dt-css-grid .wf-cell {\n    width: 25%;\n  }\n  .cssgridlegacy.no-cssgrid .gallery-shortcode.gallery-masonry-shortcode-id-570670ba881b528826c72e82d9418b88.resize-by-browser-width .dt-css-grid .wf-cell.double-width,\n  .no-cssgridlegacy.no-cssgrid .gallery-shortcode.gallery-masonry-shortcode-id-570670ba881b528826c72e82d9418b88.resize-by-browser-width .dt-css-grid .wf-cell.double-width {\n    width: calc(25%)*2;\n  }\n}\n@media screen and (max-width: 991px) {\n  .gallery-shortcode.gallery-masonry-shortcode-id-570670ba881b528826c72e82d9418b88.resize-by-browser-width .dt-css-grid {\n    grid-template-columns: repeat(3,1fr);\n  }\n  .cssgridlegacy.no-cssgrid .gallery-shortcode.gallery-masonry-shortcode-id-570670ba881b528826c72e82d9418b88.resize-by-browser-width .dt-css-grid .wf-cell,\n  .no-cssgridlegacy.no-cssgrid .gallery-shortcode.gallery-masonry-shortcode-id-570670ba881b528826c72e82d9418b88.resize-by-browser-width .dt-css-grid .wf-cell {\n    width: 33.333333333333%;\n  }\n  .cssgridlegacy.no-cssgrid .gallery-shortcode.gallery-masonry-shortcode-id-570670ba881b528826c72e82d9418b88.resize-by-browser-width .dt-css-grid .wf-cell.double-width,\n  .no-cssgridlegacy.no-cssgrid .gallery-shortcode.gallery-masonry-shortcode-id-570670ba881b528826c72e82d9418b88.resize-by-browser-width .dt-css-grid .wf-cell.double-width {\n    width: calc(33.333333333333%)*2;\n  }\n}\n@media screen and (max-width: 767px) {\n  .gallery-shortcode.gallery-masonry-shortcode-id-570670ba881b528826c72e82d9418b88.resize-by-browser-width .dt-css-grid {\n    grid-template-columns: repeat(2,1fr);\n  }\n  .cssgridlegacy.no-cssgrid .gallery-shortcode.gallery-masonry-shortcode-id-570670ba881b528826c72e82d9418b88.resize-by-browser-width .dt-css-grid .wf-cell,\n  .no-cssgridlegacy.no-cssgrid .gallery-shortcode.gallery-masonry-shortcode-id-570670ba881b528826c72e82d9418b88.resize-by-browser-width .dt-css-grid .wf-cell {\n    width: 50%;\n  }\n  .cssgridlegacy.no-cssgrid .gallery-shortcode.gallery-masonry-shortcode-id-570670ba881b528826c72e82d9418b88.resize-by-browser-width .dt-css-grid .wf-cell.double-width,\n  .no-cssgridlegacy.no-cssgrid .gallery-shortcode.gallery-masonry-shortcode-id-570670ba881b528826c72e82d9418b88.resize-by-browser-width .dt-css-grid .wf-cell.double-width {\n    width: calc(50%)*2;\n  }\n}<\/style><div class=\"gallery-shortcode dt-gallery-container gallery-masonry-shortcode-id-570670ba881b528826c72e82d9418b88 mode-grid jquery-filter dt-icon-bg-off quick-scale-img dt-css-grid-wrap enable-bg-rollover resize-by-browser-width  hover-fade loading-effect-none description-on-hover\" data-padding=\"5px\" data-cur-page=\"1\" data-post-limit=\"-1\" data-pagination-mode=\"none\" data-desktop-columns-num=\"6\" data-v-tablet-columns-num=\"3\" data-h-tablet-columns-num=\"4\" data-phone-columns-num=\"2\" data-width=\"0px\" data-columns=\"0\"><div class=\"dt-css-grid\" ><div class=\"wf-cell\" data-post-id=\"910720\" data-date=\"2023-12-08T09:59:11+02:00\" data-name=\"One of Le Corbusier&#039;s palettes during sampling, FLC\"><figure class=\"post visible\"><a href=\"https:\/\/www.caraa.fr\/wp-content\/uploads\/2023\/12\/nggallery_import\/IMG_3507-scaled.jpg\" class=\"rollover dt-pswp-item layzr-bg\" data-large_image_width=\"1920\" data-large_image_height=\"2560\" data-dt-img-description=\"\" title=\"One of Le Corbusier&#8217;s palettes during sampling, FLC\"><img decoding=\"async\" class=\"preload-me iso-lazy-load aspect\" src=\"data:image\/svg+xml,%3Csvg%20xmlns%3D&#39;http%3A%2F%2Fwww.w3.org%2F2000%2Fsvg&#39;%20viewBox%3D&#39;0%200%20379%20379&#39;%2F%3E\" data-src=\"https:\/\/www.caraa.fr\/wp-content\/uploads\/2023\/12\/nggallery_import\/IMG_3507-scaled-379x379.jpg\" data-srcset=\"https:\/\/www.caraa.fr\/wp-content\/uploads\/2023\/12\/nggallery_import\/IMG_3507-scaled-379x379.jpg 379w, https:\/\/www.caraa.fr\/wp-content\/uploads\/2023\/12\/nggallery_import\/IMG_3507-scaled-569x569.jpg 569w\" loading=\"eager\" style=\"--ratio: 379 \/ 379\" sizes=\"(max-width: 379px) 100vw, 379px\" alt=\"\" width=\"379\" height=\"379\"  \/><span class=\"gallery-rollover\"><span class=\"gallery-zoom-ico icomoon-the7-font-the7-zoom-06\"><span><\/span><\/span><\/span><\/a><\/figure><\/div><div class=\"wf-cell\" data-post-id=\"910743\" data-date=\"2023-12-13T18:30:16+02:00\" data-name=\"Some materials used by Le Corbusier, FLC\"><figure class=\"post visible\"><a href=\"https:\/\/www.caraa.fr\/wp-content\/uploads\/2023\/12\/IMG_6498-scaled.jpg\" class=\"rollover dt-pswp-item layzr-bg\" data-large_image_width=\"2560\" data-large_image_height=\"1920\" data-dt-img-description=\"\" title=\"Some materials used by Le Corbusier, FLC\"><img decoding=\"async\" class=\"preload-me iso-lazy-load aspect\" src=\"data:image\/svg+xml,%3Csvg%20xmlns%3D&#39;http%3A%2F%2Fwww.w3.org%2F2000%2Fsvg&#39;%20viewBox%3D&#39;0%200%20379%20379&#39;%2F%3E\" data-src=\"https:\/\/www.caraa.fr\/wp-content\/uploads\/2023\/12\/IMG_6498-scaled-379x379.jpg\" data-srcset=\"https:\/\/www.caraa.fr\/wp-content\/uploads\/2023\/12\/IMG_6498-scaled-379x379.jpg 379w, https:\/\/www.caraa.fr\/wp-content\/uploads\/2023\/12\/IMG_6498-scaled-569x569.jpg 569w\" loading=\"eager\" style=\"--ratio: 379 \/ 379\" sizes=\"(max-width: 379px) 100vw, 379px\" alt=\"\" width=\"379\" height=\"379\"  \/><span class=\"gallery-rollover\"><span class=\"gallery-zoom-ico icomoon-the7-font-the7-zoom-06\"><span><\/span><\/span><\/span><\/a><\/figure><\/div><div class=\"wf-cell\" data-post-id=\"910745\" data-date=\"2023-12-13T18:31:14+02:00\" data-name=\"Cross section under UV light of wood painting in the apartment at 24 rue Nungesser &amp; Coli, 75016, Paris\"><figure class=\"post visible\"><a href=\"https:\/\/www.caraa.fr\/wp-content\/uploads\/2023\/12\/IMG_8207.jpg\" class=\"rollover dt-pswp-item layzr-bg\" data-large_image_width=\"2048\" data-large_image_height=\"1536\" data-dt-img-description=\"\" title=\"Cross section under UV light of wood painting in the apartment at 24 rue Nungesser &#038; Coli, 75016, Paris\"><img decoding=\"async\" class=\"preload-me iso-lazy-load aspect\" src=\"data:image\/svg+xml,%3Csvg%20xmlns%3D&#39;http%3A%2F%2Fwww.w3.org%2F2000%2Fsvg&#39;%20viewBox%3D&#39;0%200%20379%20379&#39;%2F%3E\" data-src=\"https:\/\/www.caraa.fr\/wp-content\/uploads\/2023\/12\/IMG_8207-379x379.jpg\" data-srcset=\"https:\/\/www.caraa.fr\/wp-content\/uploads\/2023\/12\/IMG_8207-379x379.jpg 379w, https:\/\/www.caraa.fr\/wp-content\/uploads\/2023\/12\/IMG_8207-569x569.jpg 569w\" loading=\"eager\" style=\"--ratio: 379 \/ 379\" sizes=\"(max-width: 379px) 100vw, 379px\" alt=\"\" width=\"379\" height=\"379\"  \/><span class=\"gallery-rollover\"><span class=\"gallery-zoom-ico icomoon-the7-font-the7-zoom-06\"><span><\/span><\/span><\/span><\/a><\/figure><\/div><div class=\"wf-cell\" data-post-id=\"910749\" data-date=\"2023-12-13T18:32:09+02:00\" data-name=\"Cross section under visible light of wood painting in the apartment at 24 rue Nungesser &amp; Coli, 75016, Paris\"><figure class=\"post visible\"><a href=\"https:\/\/www.caraa.fr\/wp-content\/uploads\/2023\/12\/IMG_8208.jpg\" class=\"rollover dt-pswp-item layzr-bg\" data-large_image_width=\"2048\" data-large_image_height=\"1536\" data-dt-img-description=\"\" title=\"Cross section under visible light of wood painting in the apartment at 24 rue Nungesser &#038; Coli, 75016, Paris\"><img decoding=\"async\" class=\"preload-me iso-lazy-load aspect\" src=\"data:image\/svg+xml,%3Csvg%20xmlns%3D&#39;http%3A%2F%2Fwww.w3.org%2F2000%2Fsvg&#39;%20viewBox%3D&#39;0%200%20379%20379&#39;%2F%3E\" data-src=\"https:\/\/www.caraa.fr\/wp-content\/uploads\/2023\/12\/IMG_8208-379x379.jpg\" data-srcset=\"https:\/\/www.caraa.fr\/wp-content\/uploads\/2023\/12\/IMG_8208-379x379.jpg 379w, https:\/\/www.caraa.fr\/wp-content\/uploads\/2023\/12\/IMG_8208-569x569.jpg 569w\" loading=\"eager\" style=\"--ratio: 379 \/ 379\" sizes=\"(max-width: 379px) 100vw, 379px\" alt=\"\" width=\"379\" height=\"379\"  \/><span class=\"gallery-rollover\"><span class=\"gallery-zoom-ico icomoon-the7-font-the7-zoom-06\"><span><\/span><\/span><\/span><\/a><\/figure><\/div><div class=\"wf-cell\" data-post-id=\"910751\" data-date=\"2023-12-13T18:32:47+02:00\" data-name=\"Corbusier&#039;s apartment at 24 rue Nungesser et Coli, 75016, Paris Ph. OMG\/FLC\/ADAGP.\"><figure class=\"post visible\"><a href=\"https:\/\/www.caraa.fr\/wp-content\/uploads\/2023\/12\/Fig-10a-scaled.jpg\" class=\"rollover dt-pswp-item layzr-bg\" data-large_image_width=\"2560\" data-large_image_height=\"1673\" data-dt-img-description=\"\" title=\"Corbusier&#8217;s apartment at 24 rue Nungesser et Coli, 75016, Paris Ph. OMG\/FLC\/ADAGP.\"><img decoding=\"async\" class=\"preload-me iso-lazy-load aspect\" src=\"data:image\/svg+xml,%3Csvg%20xmlns%3D&#39;http%3A%2F%2Fwww.w3.org%2F2000%2Fsvg&#39;%20viewBox%3D&#39;0%200%20379%20379&#39;%2F%3E\" data-src=\"https:\/\/www.caraa.fr\/wp-content\/uploads\/2023\/12\/Fig-10a-scaled-379x379.jpg\" data-srcset=\"https:\/\/www.caraa.fr\/wp-content\/uploads\/2023\/12\/Fig-10a-scaled-379x379.jpg 379w, https:\/\/www.caraa.fr\/wp-content\/uploads\/2023\/12\/Fig-10a-scaled-569x569.jpg 569w\" loading=\"eager\" style=\"--ratio: 379 \/ 379\" sizes=\"(max-width: 379px) 100vw, 379px\" alt=\"\" width=\"379\" height=\"379\"  \/><span class=\"gallery-rollover\"><span class=\"gallery-zoom-ico icomoon-the7-font-the7-zoom-06\"><span><\/span><\/span><\/span><\/a><\/figure><\/div><div class=\"wf-cell\" data-post-id=\"910754\" data-date=\"2023-12-13T18:34:25+02:00\" data-name=\"Corbusier&#039;s workshop at 24 rue Nungesser et Coli, 75016, Paris. Ph. OMG\/FLC\/ADAGP.\"><figure class=\"post visible\"><a href=\"https:\/\/www.caraa.fr\/wp-content\/uploads\/2023\/12\/Fig-10b-scaled.jpg\" class=\"rollover dt-pswp-item layzr-bg\" data-large_image_width=\"2560\" data-large_image_height=\"1719\" data-dt-img-description=\"\" title=\"Corbusier&#8217;s workshop at 24 rue Nungesser et Coli, 75016, Paris. Ph. OMG\/FLC\/ADAGP.\"><img decoding=\"async\" class=\"preload-me iso-lazy-load aspect\" src=\"data:image\/svg+xml,%3Csvg%20xmlns%3D&#39;http%3A%2F%2Fwww.w3.org%2F2000%2Fsvg&#39;%20viewBox%3D&#39;0%200%20379%20379&#39;%2F%3E\" data-src=\"https:\/\/www.caraa.fr\/wp-content\/uploads\/2023\/12\/Fig-10b-scaled-379x379.jpg\" data-srcset=\"https:\/\/www.caraa.fr\/wp-content\/uploads\/2023\/12\/Fig-10b-scaled-379x379.jpg 379w, https:\/\/www.caraa.fr\/wp-content\/uploads\/2023\/12\/Fig-10b-scaled-569x569.jpg 569w\" loading=\"eager\" style=\"--ratio: 379 \/ 379\" sizes=\"(max-width: 379px) 100vw, 379px\" alt=\"\" width=\"379\" height=\"379\"  \/><span class=\"gallery-rollover\"><span class=\"gallery-zoom-ico icomoon-the7-font-the7-zoom-06\"><span><\/span><\/span><\/span><\/a><\/figure><\/div><div class=\"wf-cell\" data-post-id=\"910756\" data-date=\"2023-12-13T18:34:52+02:00\" data-name=\"Fauteuil grand confort par Le Corbusier, Charlotte Perriand, Pierre Jeanneret, 1928 (c) Ph. MNAM\"><figure class=\"post visible\"><a href=\"https:\/\/www.caraa.fr\/wp-content\/uploads\/2023\/12\/Fauteil-grand-confort-MNAM.png\" class=\"rollover dt-pswp-item layzr-bg\" data-large_image_width=\"640\" data-large_image_height=\"525\" data-dt-img-description=\"\" title=\"Fauteuil grand confort par Le Corbusier, Charlotte Perriand, Pierre Jeanneret, 1928 (c) Ph. MNAM\"><img decoding=\"async\" class=\"preload-me iso-lazy-load aspect\" src=\"data:image\/svg+xml,%3Csvg%20xmlns%3D&#39;http%3A%2F%2Fwww.w3.org%2F2000%2Fsvg&#39;%20viewBox%3D&#39;0%200%20379%20379&#39;%2F%3E\" data-src=\"https:\/\/www.caraa.fr\/wp-content\/uploads\/2023\/12\/Fauteil-grand-confort-MNAM-379x379.png\" data-srcset=\"https:\/\/www.caraa.fr\/wp-content\/uploads\/2023\/12\/Fauteil-grand-confort-MNAM-379x379.png 379w, https:\/\/www.caraa.fr\/wp-content\/uploads\/2023\/12\/Fauteil-grand-confort-MNAM-525x525.png 525w\" loading=\"eager\" style=\"--ratio: 379 \/ 379\" sizes=\"(max-width: 379px) 100vw, 379px\" alt=\"\" width=\"379\" height=\"379\"  \/><span class=\"gallery-rollover\"><span class=\"gallery-zoom-ico icomoon-the7-font-the7-zoom-06\"><span><\/span><\/span><\/span><\/a><\/figure><\/div><div class=\"wf-cell\" data-post-id=\"910758\" data-date=\"2023-12-13T18:35:13+02:00\" data-name=\"Cross section under UV light of wall painting in the apartment at 24 rue Nungesser &amp; Coli, 75016, Paris\"><figure class=\"post visible\"><a href=\"https:\/\/www.caraa.fr\/wp-content\/uploads\/2023\/12\/C7W3-6-reconst-mini-pr-Tw.jpg\" class=\"rollover dt-pswp-item layzr-bg\" data-large_image_width=\"1147\" data-large_image_height=\"879\" data-dt-img-description=\"\" title=\"Cross section under UV light of wall painting in the apartment at 24 rue Nungesser &#038; Coli, 75016, Paris\"><img decoding=\"async\" class=\"preload-me iso-lazy-load aspect\" src=\"data:image\/svg+xml,%3Csvg%20xmlns%3D&#39;http%3A%2F%2Fwww.w3.org%2F2000%2Fsvg&#39;%20viewBox%3D&#39;0%200%20379%20379&#39;%2F%3E\" data-src=\"https:\/\/www.caraa.fr\/wp-content\/uploads\/2023\/12\/C7W3-6-reconst-mini-pr-Tw-379x379.jpg\" data-srcset=\"https:\/\/www.caraa.fr\/wp-content\/uploads\/2023\/12\/C7W3-6-reconst-mini-pr-Tw-379x379.jpg 379w, https:\/\/www.caraa.fr\/wp-content\/uploads\/2023\/12\/C7W3-6-reconst-mini-pr-Tw-569x569.jpg 569w\" loading=\"eager\" style=\"--ratio: 379 \/ 379\" sizes=\"(max-width: 379px) 100vw, 379px\" alt=\"\" width=\"379\" height=\"379\"  \/><span class=\"gallery-rollover\"><span class=\"gallery-zoom-ico icomoon-the7-font-the7-zoom-06\"><span><\/span><\/span><\/span><\/a><\/figure><\/div><div class=\"wf-cell\" data-post-id=\"910760\" data-date=\"2023-12-13T18:36:11+02:00\" data-name=\"Cross section under visible light of wall painting in the apartment at 24 rue Nungesser &amp; Coli, 75016, Paris\"><figure class=\"post visible\"><a href=\"https:\/\/www.caraa.fr\/wp-content\/uploads\/2023\/12\/Fig-14a.jpg\" class=\"rollover dt-pswp-item layzr-bg\" data-large_image_width=\"2045\" data-large_image_height=\"1530\" data-dt-img-description=\"\" title=\"Cross section under visible light of wall painting in the apartment at 24 rue Nungesser &#038; Coli, 75016, Paris\"><img decoding=\"async\" class=\"preload-me iso-lazy-load aspect\" src=\"data:image\/svg+xml,%3Csvg%20xmlns%3D&#39;http%3A%2F%2Fwww.w3.org%2F2000%2Fsvg&#39;%20viewBox%3D&#39;0%200%20379%20379&#39;%2F%3E\" data-src=\"https:\/\/www.caraa.fr\/wp-content\/uploads\/2023\/12\/Fig-14a-379x379.jpg\" data-srcset=\"https:\/\/www.caraa.fr\/wp-content\/uploads\/2023\/12\/Fig-14a-379x379.jpg 379w, https:\/\/www.caraa.fr\/wp-content\/uploads\/2023\/12\/Fig-14a-569x569.jpg 569w\" loading=\"eager\" style=\"--ratio: 379 \/ 379\" sizes=\"(max-width: 379px) 100vw, 379px\" alt=\"\" width=\"379\" height=\"379\"  \/><span class=\"gallery-rollover\"><span class=\"gallery-zoom-ico icomoon-the7-font-the7-zoom-06\"><span><\/span><\/span><\/span><\/a><\/figure><\/div><div class=\"wf-cell\" data-post-id=\"910762\" data-date=\"2023-12-13T18:37:02+02:00\" data-name=\"Samples from a work painted on canvas by Corbusier, FLC\"><figure class=\"post visible\"><a href=\"https:\/\/www.caraa.fr\/wp-content\/uploads\/2023\/12\/IMG_3568-scaled.jpg\" class=\"rollover dt-pswp-item layzr-bg\" data-large_image_width=\"2560\" data-large_image_height=\"1920\" data-dt-img-description=\"\" title=\"Samples from a work painted on canvas by Corbusier, FLC\"><img decoding=\"async\" class=\"preload-me iso-lazy-load aspect\" src=\"data:image\/svg+xml,%3Csvg%20xmlns%3D&#39;http%3A%2F%2Fwww.w3.org%2F2000%2Fsvg&#39;%20viewBox%3D&#39;0%200%20379%20379&#39;%2F%3E\" data-src=\"https:\/\/www.caraa.fr\/wp-content\/uploads\/2023\/12\/IMG_3568-scaled-379x379.jpg\" data-srcset=\"https:\/\/www.caraa.fr\/wp-content\/uploads\/2023\/12\/IMG_3568-scaled-379x379.jpg 379w, https:\/\/www.caraa.fr\/wp-content\/uploads\/2023\/12\/IMG_3568-scaled-569x569.jpg 569w\" loading=\"eager\" style=\"--ratio: 379 \/ 379\" sizes=\"(max-width: 379px) 100vw, 379px\" alt=\"\" width=\"379\" height=\"379\"  \/><span class=\"gallery-rollover\"><span class=\"gallery-zoom-ico icomoon-the7-font-the7-zoom-06\"><span><\/span><\/span><\/span><\/a><\/figure><\/div><div class=\"wf-cell\" data-post-id=\"910764\" data-date=\"2023-12-13T18:37:35+02:00\" data-name=\"Study carried out at the &quot;Radiant City&quot; by Le Corbusier, Nantes, France. With Arthema Rest.\"><figure class=\"post visible\"><a href=\"https:\/\/www.caraa.fr\/wp-content\/uploads\/2023\/12\/Snapseed-2-scaled.jpg\" class=\"rollover dt-pswp-item layzr-bg\" data-large_image_width=\"2560\" data-large_image_height=\"1920\" data-dt-img-description=\"\" title=\"Study carried out at the &#8220;Radiant City&#8221; by Le Corbusier, Nantes, France. With Arthema Rest.\"><img decoding=\"async\" class=\"preload-me iso-lazy-load aspect\" src=\"data:image\/svg+xml,%3Csvg%20xmlns%3D&#39;http%3A%2F%2Fwww.w3.org%2F2000%2Fsvg&#39;%20viewBox%3D&#39;0%200%20379%20379&#39;%2F%3E\" data-src=\"https:\/\/www.caraa.fr\/wp-content\/uploads\/2023\/12\/Snapseed-2-scaled-379x379.jpg\" data-srcset=\"https:\/\/www.caraa.fr\/wp-content\/uploads\/2023\/12\/Snapseed-2-scaled-379x379.jpg 379w, https:\/\/www.caraa.fr\/wp-content\/uploads\/2023\/12\/Snapseed-2-scaled-569x569.jpg 569w\" loading=\"eager\" style=\"--ratio: 379 \/ 379\" sizes=\"(max-width: 379px) 100vw, 379px\" alt=\"\" width=\"379\" height=\"379\"  \/><span class=\"gallery-rollover\"><span class=\"gallery-zoom-ico icomoon-the7-font-the7-zoom-06\"><span><\/span><\/span><\/span><\/a><\/figure><\/div><\/div><!-- iso-container|iso-grid --><\/div>[vc_column_text]<\/p>\n<h6>CARAA \u00a9<\/h6>\n<p>[\/vc_column_text][vc_column_text]<\/p>\n<div style=\"width: 1200px;\" class=\"wp-video\"><video class=\"wp-video-shortcode\" id=\"video-910771-1\" width=\"1200\" height=\"675\" preload=\"metadata\" controls=\"controls\"><source type=\"video\/mp4\" src=\"https:\/\/www.caraa.fr\/wp-content\/uploads\/2023\/12\/Chez-Le-Corbusier-Extrait.mp4?_=1\" \/><a href=\"https:\/\/www.caraa.fr\/wp-content\/uploads\/2023\/12\/Chez-Le-Corbusier-Extrait.mp4\">https:\/\/www.caraa.fr\/wp-content\/uploads\/2023\/12\/Chez-Le-Corbusier-Extrait.mp4<\/a><\/video><\/div>\n<p>[\/vc_column_text][\/vc_column][\/vc_row]<\/p>\n<\/div>","protected":false},"excerpt":{"rendered":"<p>Le CARAA a initi\u00e9 un nouveau projet de recherche avec la Fondation le Corbusier. Ce projet porte sur l\u2019analyse physico-chimique des mat\u00e9riaux utilis\u00e9s par le Corbusier (Charles-\u00c9douard Jeanneret).\u00a0<\/p>\n","protected":false},"author":4,"featured_media":910719,"comment_status":"closed","ping_status":"closed","sticky":false,"template":"","format":"standard","meta":{"_acf_changed":false,"ngg_post_thumbnail":0,"_FSMCFIC_featured_image_caption":"","_FSMCFIC_featured_image_nocaption":"","_FSMCFIC_featured_image_hide":"","footnotes":""},"categories":[8],"tags":[],"class_list":["post-910771","post","type-post","status-publish","format-standard","has-post-thumbnail","hentry","category-non-classe-en","category-8","description-off"],"acf":[],"yoast_head":"<!-- This site is optimized with the Yoast SEO plugin v27.4 - https:\/\/yoast.com\/product\/yoast-seo-wordpress\/ -->\n<title>Corpus mat\u00e9riel de Le CORBUSIER - CARAA<\/title>\n<meta name=\"robots\" content=\"index, follow, max-snippet:-1, max-image-preview:large, max-video-preview:-1\" \/>\n<link rel=\"canonical\" href=\"https:\/\/www.caraa.fr\/en\/corpus-materiel-de-le-corbusier-2\/\" \/>\n<meta property=\"og:locale\" content=\"en_US\" \/>\n<meta property=\"og:type\" content=\"article\" \/>\n<meta property=\"og:title\" content=\"Corpus mat\u00e9riel de Le CORBUSIER - CARAA\" \/>\n<meta property=\"og:description\" content=\"Le CARAA a initi\u00e9 un nouveau projet de recherche avec la Fondation le Corbusier. Ce projet porte sur l\u2019analyse physico-chimique des mat\u00e9riaux utilis\u00e9s par le Corbusier (Charles-\u00c9douard Jeanneret).\u00a0\" \/>\n<meta property=\"og:url\" content=\"https:\/\/www.caraa.fr\/en\/corpus-materiel-de-le-corbusier-2\/\" \/>\n<meta property=\"og:site_name\" content=\"CARAA\" \/>\n<meta property=\"article:publisher\" content=\"https:\/\/www.facebook.com\/LaboratoireCaraa\/\" \/>\n<meta property=\"article:published_time\" content=\"2023-12-13T18:46:02+00:00\" \/>\n<meta property=\"og:image\" content=\"https:\/\/www.caraa.fr\/wp-content\/uploads\/2023\/12\/nggallery_import\/IMG_3507-scaled.jpg\" \/>\n\t<meta property=\"og:image:width\" content=\"1920\" \/>\n\t<meta property=\"og:image:height\" content=\"2560\" \/>\n\t<meta property=\"og:image:type\" content=\"image\/jpeg\" \/>\n<meta name=\"author\" content=\"Michel Bouchard\" \/>\n<meta name=\"twitter:card\" content=\"summary_large_image\" \/>\n<meta name=\"twitter:creator\" content=\"@CARAA_Center\" \/>\n<meta name=\"twitter:site\" content=\"@CARAA_Center\" \/>\n<meta name=\"twitter:label1\" content=\"Written by\" \/>\n\t<meta name=\"twitter:data1\" content=\"Michel Bouchard\" \/>\n\t<meta name=\"twitter:label2\" content=\"Est. reading time\" \/>\n\t<meta name=\"twitter:data2\" content=\"2 minutes\" \/>\n<script type=\"application\/ld+json\" class=\"yoast-schema-graph\">{\"@context\":\"https:\\\/\\\/schema.org\",\"@graph\":[{\"@type\":\"Article\",\"@id\":\"https:\\\/\\\/www.caraa.fr\\\/en\\\/corpus-materiel-de-le-corbusier-2\\\/#article\",\"isPartOf\":{\"@id\":\"https:\\\/\\\/www.caraa.fr\\\/en\\\/corpus-materiel-de-le-corbusier-2\\\/\"},\"author\":{\"name\":\"Michel Bouchard\",\"@id\":\"https:\\\/\\\/www.caraa.fr\\\/en\\\/#\\\/schema\\\/person\\\/56885db9c500ef622b0d9d2fb00fb503\"},\"headline\":\"Corpus mat\u00e9riel de Le CORBUSIER\",\"datePublished\":\"2023-12-13T18:46:02+00:00\",\"mainEntityOfPage\":{\"@id\":\"https:\\\/\\\/www.caraa.fr\\\/en\\\/corpus-materiel-de-le-corbusier-2\\\/\"},\"wordCount\":290,\"publisher\":{\"@id\":\"https:\\\/\\\/www.caraa.fr\\\/en\\\/#organization\"},\"image\":{\"@id\":\"https:\\\/\\\/www.caraa.fr\\\/en\\\/corpus-materiel-de-le-corbusier-2\\\/#primaryimage\"},\"thumbnailUrl\":\"https:\\\/\\\/www.caraa.fr\\\/wp-content\\\/uploads\\\/2023\\\/12\\\/nggallery_import\\\/IMG_3507-scaled.jpg\",\"articleSection\":[\"Non class\u00e9\"],\"inLanguage\":\"en-US\"},{\"@type\":\"WebPage\",\"@id\":\"https:\\\/\\\/www.caraa.fr\\\/en\\\/corpus-materiel-de-le-corbusier-2\\\/\",\"url\":\"https:\\\/\\\/www.caraa.fr\\\/en\\\/corpus-materiel-de-le-corbusier-2\\\/\",\"name\":\"Corpus mat\u00e9riel de Le CORBUSIER - CARAA\",\"isPartOf\":{\"@id\":\"https:\\\/\\\/www.caraa.fr\\\/en\\\/#website\"},\"primaryImageOfPage\":{\"@id\":\"https:\\\/\\\/www.caraa.fr\\\/en\\\/corpus-materiel-de-le-corbusier-2\\\/#primaryimage\"},\"image\":{\"@id\":\"https:\\\/\\\/www.caraa.fr\\\/en\\\/corpus-materiel-de-le-corbusier-2\\\/#primaryimage\"},\"thumbnailUrl\":\"https:\\\/\\\/www.caraa.fr\\\/wp-content\\\/uploads\\\/2023\\\/12\\\/nggallery_import\\\/IMG_3507-scaled.jpg\",\"datePublished\":\"2023-12-13T18:46:02+00:00\",\"inLanguage\":\"en-US\",\"potentialAction\":[{\"@type\":\"ReadAction\",\"target\":[\"https:\\\/\\\/www.caraa.fr\\\/en\\\/corpus-materiel-de-le-corbusier-2\\\/\"]}]},{\"@type\":\"ImageObject\",\"inLanguage\":\"en-US\",\"@id\":\"https:\\\/\\\/www.caraa.fr\\\/en\\\/corpus-materiel-de-le-corbusier-2\\\/#primaryimage\",\"url\":\"https:\\\/\\\/www.caraa.fr\\\/wp-content\\\/uploads\\\/2023\\\/12\\\/nggallery_import\\\/IMG_3507-scaled.jpg\",\"contentUrl\":\"https:\\\/\\\/www.caraa.fr\\\/wp-content\\\/uploads\\\/2023\\\/12\\\/nggallery_import\\\/IMG_3507-scaled.jpg\",\"width\":1920,\"height\":2560},{\"@type\":\"WebSite\",\"@id\":\"https:\\\/\\\/www.caraa.fr\\\/en\\\/#website\",\"url\":\"https:\\\/\\\/www.caraa.fr\\\/en\\\/\",\"name\":\"CARAA\",\"description\":\"Centre d&#039;Analyses et de Recherche en Art et Arch\u00e9ologie\",\"publisher\":{\"@id\":\"https:\\\/\\\/www.caraa.fr\\\/en\\\/#organization\"},\"potentialAction\":[{\"@type\":\"SearchAction\",\"target\":{\"@type\":\"EntryPoint\",\"urlTemplate\":\"https:\\\/\\\/www.caraa.fr\\\/en\\\/?s={search_term_string}\"},\"query-input\":{\"@type\":\"PropertyValueSpecification\",\"valueRequired\":true,\"valueName\":\"search_term_string\"}}],\"inLanguage\":\"en-US\"},{\"@type\":\"Organization\",\"@id\":\"https:\\\/\\\/www.caraa.fr\\\/en\\\/#organization\",\"name\":\"CARAA - Centre d'Analyses et de Recherche en Art et Arch\u00e9ologie\",\"url\":\"https:\\\/\\\/www.caraa.fr\\\/en\\\/\",\"logo\":{\"@type\":\"ImageObject\",\"inLanguage\":\"en-US\",\"@id\":\"https:\\\/\\\/www.caraa.fr\\\/en\\\/#\\\/schema\\\/logo\\\/image\\\/\",\"url\":\"https:\\\/\\\/www.caraa.fr\\\/wp-content\\\/uploads\\\/2023\\\/03\\\/logoCaraa.png\",\"contentUrl\":\"https:\\\/\\\/www.caraa.fr\\\/wp-content\\\/uploads\\\/2023\\\/03\\\/logoCaraa.png\",\"width\":221,\"height\":76,\"caption\":\"CARAA - Centre d'Analyses et de Recherche en Art et Arch\u00e9ologie\"},\"image\":{\"@id\":\"https:\\\/\\\/www.caraa.fr\\\/en\\\/#\\\/schema\\\/logo\\\/image\\\/\"},\"sameAs\":[\"https:\\\/\\\/www.facebook.com\\\/LaboratoireCaraa\\\/\",\"https:\\\/\\\/x.com\\\/CARAA_Center\",\"https:\\\/\\\/www.linkedin.com\\\/company-beta\\\/784247\\\/\"]},{\"@type\":\"Person\",\"@id\":\"https:\\\/\\\/www.caraa.fr\\\/en\\\/#\\\/schema\\\/person\\\/56885db9c500ef622b0d9d2fb00fb503\",\"name\":\"Michel Bouchard\",\"url\":\"https:\\\/\\\/www.caraa.fr\\\/en\\\/author\\\/michel\\\/\"}]}<\/script>\n<!-- \/ Yoast SEO plugin. -->","yoast_head_json":{"title":"Corpus mat\u00e9riel de Le CORBUSIER - CARAA","robots":{"index":"index","follow":"follow","max-snippet":"max-snippet:-1","max-image-preview":"max-image-preview:large","max-video-preview":"max-video-preview:-1"},"canonical":"https:\/\/www.caraa.fr\/en\/corpus-materiel-de-le-corbusier-2\/","og_locale":"en_US","og_type":"article","og_title":"Corpus mat\u00e9riel de Le CORBUSIER - CARAA","og_description":"Le CARAA a initi\u00e9 un nouveau projet de recherche avec la Fondation le Corbusier. Ce projet porte sur l\u2019analyse physico-chimique des mat\u00e9riaux utilis\u00e9s par le Corbusier (Charles-\u00c9douard Jeanneret).\u00a0","og_url":"https:\/\/www.caraa.fr\/en\/corpus-materiel-de-le-corbusier-2\/","og_site_name":"CARAA","article_publisher":"https:\/\/www.facebook.com\/LaboratoireCaraa\/","article_published_time":"2023-12-13T18:46:02+00:00","og_image":[{"width":1920,"height":2560,"url":"https:\/\/www.caraa.fr\/wp-content\/uploads\/2023\/12\/nggallery_import\/IMG_3507-scaled.jpg","type":"image\/jpeg"}],"author":"Michel Bouchard","twitter_card":"summary_large_image","twitter_creator":"@CARAA_Center","twitter_site":"@CARAA_Center","twitter_misc":{"Written by":"Michel Bouchard","Est. reading time":"2 minutes"},"schema":{"@context":"https:\/\/schema.org","@graph":[{"@type":"Article","@id":"https:\/\/www.caraa.fr\/en\/corpus-materiel-de-le-corbusier-2\/#article","isPartOf":{"@id":"https:\/\/www.caraa.fr\/en\/corpus-materiel-de-le-corbusier-2\/"},"author":{"name":"Michel Bouchard","@id":"https:\/\/www.caraa.fr\/en\/#\/schema\/person\/56885db9c500ef622b0d9d2fb00fb503"},"headline":"Corpus mat\u00e9riel de Le CORBUSIER","datePublished":"2023-12-13T18:46:02+00:00","mainEntityOfPage":{"@id":"https:\/\/www.caraa.fr\/en\/corpus-materiel-de-le-corbusier-2\/"},"wordCount":290,"publisher":{"@id":"https:\/\/www.caraa.fr\/en\/#organization"},"image":{"@id":"https:\/\/www.caraa.fr\/en\/corpus-materiel-de-le-corbusier-2\/#primaryimage"},"thumbnailUrl":"https:\/\/www.caraa.fr\/wp-content\/uploads\/2023\/12\/nggallery_import\/IMG_3507-scaled.jpg","articleSection":["Non class\u00e9"],"inLanguage":"en-US"},{"@type":"WebPage","@id":"https:\/\/www.caraa.fr\/en\/corpus-materiel-de-le-corbusier-2\/","url":"https:\/\/www.caraa.fr\/en\/corpus-materiel-de-le-corbusier-2\/","name":"Corpus mat\u00e9riel de Le CORBUSIER - CARAA","isPartOf":{"@id":"https:\/\/www.caraa.fr\/en\/#website"},"primaryImageOfPage":{"@id":"https:\/\/www.caraa.fr\/en\/corpus-materiel-de-le-corbusier-2\/#primaryimage"},"image":{"@id":"https:\/\/www.caraa.fr\/en\/corpus-materiel-de-le-corbusier-2\/#primaryimage"},"thumbnailUrl":"https:\/\/www.caraa.fr\/wp-content\/uploads\/2023\/12\/nggallery_import\/IMG_3507-scaled.jpg","datePublished":"2023-12-13T18:46:02+00:00","inLanguage":"en-US","potentialAction":[{"@type":"ReadAction","target":["https:\/\/www.caraa.fr\/en\/corpus-materiel-de-le-corbusier-2\/"]}]},{"@type":"ImageObject","inLanguage":"en-US","@id":"https:\/\/www.caraa.fr\/en\/corpus-materiel-de-le-corbusier-2\/#primaryimage","url":"https:\/\/www.caraa.fr\/wp-content\/uploads\/2023\/12\/nggallery_import\/IMG_3507-scaled.jpg","contentUrl":"https:\/\/www.caraa.fr\/wp-content\/uploads\/2023\/12\/nggallery_import\/IMG_3507-scaled.jpg","width":1920,"height":2560},{"@type":"WebSite","@id":"https:\/\/www.caraa.fr\/en\/#website","url":"https:\/\/www.caraa.fr\/en\/","name":"CARAA","description":"Centre d&#039;Analyses et de Recherche en Art et Arch\u00e9ologie","publisher":{"@id":"https:\/\/www.caraa.fr\/en\/#organization"},"potentialAction":[{"@type":"SearchAction","target":{"@type":"EntryPoint","urlTemplate":"https:\/\/www.caraa.fr\/en\/?s={search_term_string}"},"query-input":{"@type":"PropertyValueSpecification","valueRequired":true,"valueName":"search_term_string"}}],"inLanguage":"en-US"},{"@type":"Organization","@id":"https:\/\/www.caraa.fr\/en\/#organization","name":"CARAA - Centre d'Analyses et de Recherche en Art et Arch\u00e9ologie","url":"https:\/\/www.caraa.fr\/en\/","logo":{"@type":"ImageObject","inLanguage":"en-US","@id":"https:\/\/www.caraa.fr\/en\/#\/schema\/logo\/image\/","url":"https:\/\/www.caraa.fr\/wp-content\/uploads\/2023\/03\/logoCaraa.png","contentUrl":"https:\/\/www.caraa.fr\/wp-content\/uploads\/2023\/03\/logoCaraa.png","width":221,"height":76,"caption":"CARAA - Centre d'Analyses et de Recherche en Art et Arch\u00e9ologie"},"image":{"@id":"https:\/\/www.caraa.fr\/en\/#\/schema\/logo\/image\/"},"sameAs":["https:\/\/www.facebook.com\/LaboratoireCaraa\/","https:\/\/x.com\/CARAA_Center","https:\/\/www.linkedin.com\/company-beta\/784247\/"]},{"@type":"Person","@id":"https:\/\/www.caraa.fr\/en\/#\/schema\/person\/56885db9c500ef622b0d9d2fb00fb503","name":"Michel Bouchard","url":"https:\/\/www.caraa.fr\/en\/author\/michel\/"}]}},"_links":{"self":[{"href":"https:\/\/www.caraa.fr\/en\/wp-json\/wp\/v2\/posts\/910771","targetHints":{"allow":["GET"]}}],"collection":[{"href":"https:\/\/www.caraa.fr\/en\/wp-json\/wp\/v2\/posts"}],"about":[{"href":"https:\/\/www.caraa.fr\/en\/wp-json\/wp\/v2\/types\/post"}],"author":[{"embeddable":true,"href":"https:\/\/www.caraa.fr\/en\/wp-json\/wp\/v2\/users\/4"}],"replies":[{"embeddable":true,"href":"https:\/\/www.caraa.fr\/en\/wp-json\/wp\/v2\/comments?post=910771"}],"version-history":[{"count":1,"href":"https:\/\/www.caraa.fr\/en\/wp-json\/wp\/v2\/posts\/910771\/revisions"}],"predecessor-version":[{"id":910772,"href":"https:\/\/www.caraa.fr\/en\/wp-json\/wp\/v2\/posts\/910771\/revisions\/910772"}],"wp:featuredmedia":[{"embeddable":true,"href":"https:\/\/www.caraa.fr\/en\/wp-json\/wp\/v2\/media\/910719"}],"wp:attachment":[{"href":"https:\/\/www.caraa.fr\/en\/wp-json\/wp\/v2\/media?parent=910771"}],"wp:term":[{"taxonomy":"category","embeddable":true,"href":"https:\/\/www.caraa.fr\/en\/wp-json\/wp\/v2\/categories?post=910771"},{"taxonomy":"post_tag","embeddable":true,"href":"https:\/\/www.caraa.fr\/en\/wp-json\/wp\/v2\/tags?post=910771"}],"curies":[{"name":"wp","href":"https:\/\/api.w.org\/{rel}","templated":true}]}}